{"id":9849,"date":"2024-03-07T14:11:52","date_gmt":"2024-03-07T18:11:52","guid":{"rendered":"https:\/\/canadiancraftsfederation.ca\/?p=9849"},"modified":"2024-03-07T14:11:53","modified_gmt":"2024-03-07T18:11:53","slug":"mars-est-le-mois-national-des-metiers-dart","status":"publish","type":"post","link":"https:\/\/canadiancraftsfederation.ca\/fr\/mars-est-le-mois-national-des-metiers-dart\/","title":{"rendered":"Mars est le Mois national des m\u00e9tiers d\u2019art"},"content":{"rendered":"\n<p>Le Mois national des m\u00e9tiers d\u2019art est le moment id\u00e9al pour c\u00e9l\u00e9brer la cr\u00e9ativit\u00e9 et l\u2019habilet\u00e9 des artistes partout au Canada. Comme <a href=\"https:\/\/canadiancraftsfederation.ca\/fr\/mois-des-metiers-dart-2023\/\">l\u2019an dernier<\/a>, la F\u00e9d\u00e9ration canadienne des m\u00e9tiers d\u2019art vous propose plusieurs suggestions afin de profiter au maximum de ce mois passionnant! D\u00e9couvrez des expositions d\u2019\u0153uvres traditionnelles ou contemporaines, et d\u00e9couvrez les formidables publications que nous avons recens\u00e9es. Tous les moyens sont bons pour s\u2019immerger dans le merveilleux monde des m\u00e9tiers d\u2019art canadiens! Voici, sans plus tarder, nos meilleures recommandations d\u2019activit\u00e9s\u2026<\/p>\n\n\n\n<hr class=\"wp-block-separator has-alpha-channel-opacity\"\/>\n\n\n\n<div style=\"height:31px\" aria-hidden=\"true\" class=\"wp-block-spacer\"><\/div>\n\n\n\n<h3 class=\"wp-block-heading\">Assistez \u00e0 des expositions sur les m\u00e9tiers d\u2019art<\/h3>\n\n\n\n<p>Tout au long du Mois national des m\u00e9tiers d\u2019art, explorez une panoplie d\u2019expositions qui les mettent \u00e0 l\u2019avant-plan. Des jupes \u00e0 rubans de style m\u00e9tis jusqu\u2019aux \u0153uvres miniatures, ces \u00e9v\u00e9nements illustrent la diversit\u00e9 des talents en m\u00e9tiers d\u2019art dans toutes les r\u00e9gions du pays.<\/p>\n\n\n\n<div style=\"height:31px\" aria-hidden=\"true\" class=\"wp-block-spacer\"><\/div>\n\n\n\n<h4 class=\"wp-block-heading\"><strong><em>GISHCHI-ITEEYIHTEENAANEE-KISHKAMAAHK: WE WEAR THEM WITH PRIDE<\/em><\/strong><\/h4>\n\n\n\n<p><strong>Conseil des m\u00e9tiers d\u2019art de la Saskatchewan \u2022 Saskatoon, SK<\/strong><\/p>\n\n\n\n<p>Organis\u00e9e conjointement par l\u2019Institut Gabriel Dumont et le Conseil des arts de la Saskatchewan, cette expo c\u00e9l\u00e8bre l\u2019histoire des M\u00e9tis \u00e0 travers l\u2019art des jupes \u00e0 rubans. On y apprend notamment l\u2019importance de ce v\u00eatement traditionnel, en plus de d\u00e9couvrir certaines de ses d\u00e9clinaisons contemporaines. C\u2019est un rendez-vous \u00e0 ne pas manquer jusqu\u2019au 9\u00a0mars, date de fin de l\u2019expo. <a href=\"https:\/\/saskcraftcouncil.org\/exhibitions\/gdimetisribbonskirts\/\">En savoir plus<\/a> \u2197<\/p>\n\n\n\n<div style=\"height:31px\" aria-hidden=\"true\" class=\"wp-block-spacer\"><\/div>\n\n\n\n<h4 class=\"wp-block-heading\"><strong><em>THE SECRET CODES: AFRICAN NOVA SCOTIAN QUILTS<\/em><\/strong><\/h4>\n\n\n\n<p><strong>Textile Museum of Canada \u2022 Toronto, Ont<\/strong><\/p>\n\n\n\n<p>Cette exposition rassemble des courtepointes historiques et contemporaines cr\u00e9\u00e9es par des artistes d\u2019origine afro-n\u00e9o-\u00e9cossaise. D\u00e9couvrez leurs multiples r\u00f4les\u00a0: d\u00e9corer, se r\u00e9chauffer\u2026 mais aussi communiquer. En effet, pour les esclaves en qu\u00eate de libert\u00e9, ces courtepointes \u00e9taient des outils permettant de documenter leur histoire familiale tout en c\u00e9l\u00e9brant les femmes noires et leur culture. <a href=\"https:\/\/textilemuseum.ca\/event\/the-secret-codes-african-nova-scotian-quilts\/\" target=\"_blank\" rel=\"noopener\" title=\"\">En savoir plus<\/a> \u2197<\/p>\n\n\n\n<div style=\"height:31px\" aria-hidden=\"true\" class=\"wp-block-spacer\"><\/div>\n\n\n\n<h4 class=\"wp-block-heading\"><strong><em>R\u00c9SONANCE\u00a0: LISA CRESKEY, SUSAN DAY ET EDDY FIRMIN<\/em><\/strong><\/h4>\n\n\n\n<p><strong>Galerie canadienne de la c\u00e9ramique et du verre \u2022 Waterloo, Ont<\/strong><\/p>\n\n\n\n<p>Mettant en vedette les cr\u00e9ations de trois artistes, cette expo d\u00e9montre comment la c\u00e9ramique peut devenir un vecteur de militantisme social. L\u2019approche unique de l\u2019argile dont fait preuve chaque artiste attire l\u2019attention sur des enjeux criants comme les changements climatiques, la justice pour les personnes en situation de handicap et le legs de l\u2019esclavage. <a href=\"https:\/\/www.theclayandglass.ca\/exhibitions\/current-exhibitions\/\" target=\"_blank\" rel=\"noopener\" title=\"\">En savoir plus<\/a> \u2197<\/p>\n\n\n\n<div style=\"height:31px\" aria-hidden=\"true\" class=\"wp-block-spacer\"><\/div>\n\n\n\n<h4 class=\"wp-block-heading\"><strong><em>DIVERSIFIED<\/em><\/strong><\/h4>\n\n\n\n<p><strong>Manitoba Craft Museum and Library \u2022 Winnipeg, MB<\/strong><\/p>\n\n\n\n<p>Pour les mus\u00e9es, que signifient la r\u00e9conciliation et la d\u00e9colonisation? Pour r\u00e9pondre \u00e0 cette question, le Manitoba Craft Museum and Library (MCML) pr\u00e9sente l\u2019exposition <em>Diversified<\/em>, qui rassemble des \u0153uvres de dix artistes de communaut\u00e9s sous-repr\u00e9sent\u00e9es. Toutes ces cr\u00e9ations font partie des acquisitions r\u00e9centes du MCML. C\u2019est un rendez-vous d\u00e8s le 1<sup>er<\/sup>\u00a0mars! <a href=\"https:\/\/c2centreforcraft.ca\/2024\/02\/15\/diversified\/\" target=\"_blank\" rel=\"noopener\" title=\"\">En savoir plus<\/a> \u2197<\/p>\n\n\n\n<div style=\"height:31px\" aria-hidden=\"true\" class=\"wp-block-spacer\"><\/div>\n\n\n\n<h4 class=\"wp-block-heading\"><strong><em>SACRED INTERACTIONS\u00a0: UKRAINIAN\/QU\u2019WUTSUN\u2019<\/em><\/strong><\/h4>\n\n\n\n<p><strong>Galerie du Conseil des arts de la Colombie-Britannique \u2022 Vancouver, C.-B.<\/strong><\/p>\n\n\n\n<p>L\u2019artiste Nikkie Manzie propose une expo individuelle qui int\u00e8gre les traditions folkloriques ukrainiennes \u00e0 ses connaissances en tant que th\u00e9rapeute et enseignante de la spiritualit\u00e9 et de la m\u00e9decine traditionnelles autochtones. D\u00e9couvrez cette fusion des m\u00e9tiers d\u2019arts contemporains et des savoirs traditionnels lors du vernissage de l\u2019expo, qui se tiendra le jeudi\u00a07\u00a0mars. <a href=\"https:\/\/citizensofcraft.ca\/event\/sacred-interactions-ukrainianquwutsun\" target=\"_blank\" rel=\"noopener\" title=\"\">En savoir plus<\/a> \u2197<\/p>\n\n\n\n<div style=\"height:31px\" aria-hidden=\"true\" class=\"wp-block-spacer\"><\/div>\n\n\n\n<h4 class=\"wp-block-heading\"><strong><em>MINUTIAE<\/em><\/strong><\/h4>\n\n\n\n<p><strong>Alberta Craft Feature Gallery \u2022 Edmonton, Alb.<\/strong><\/p>\n\n\n\n<p>L\u2019\u00e9v\u00e9nement <em>Minutiae<\/em> expose des miniatures r\u00e9alis\u00e9es par 52\u00a0artistes en provenance de partout au pays. Chaque \u0153uvre t\u00e9moigne d\u2019un grand souci du d\u00e9tail et d\u2019une incroyable cr\u00e9ativit\u00e9 sous format miniature. Ne manquez pas le vernissage le samedi\u00a09\u00a0mars 2024. <a href=\"https:\/\/www.albertacraft.ab.ca\/feature-gallery-exhibition\/minutiae\" target=\"_blank\" rel=\"noopener\" title=\"\">En savoir plus<\/a> \u2197<\/p>\n\n\n\n<div style=\"height:31px\" aria-hidden=\"true\" class=\"wp-block-spacer\"><\/div>\n\n\n\n<h4 class=\"wp-block-heading\"><strong><em>KNOTWORK\u00a0: SANDY LAMB &amp; MIRIAM PARKMAN<\/em><\/strong><\/h4>\n\n\n\n<p><strong>Craft Ontario Gallery \u2022 Toronto, Ont.<\/strong><\/p>\n\n\n\n<p>Cette exposition pr\u00e9sente les \u0153uvres textiles de deux artistes\u00a0: Sandy Lamb (Montr\u00e9al) et Miriam Parkman (Stockholm). Lors du vernissage, le samedi\u00a09\u00a0mars, vous en apprendrez davantage sur leur partenariat artistique unique et sur les sources d\u2019inspiration derri\u00e8re leurs cr\u00e9ations complexes. <a href=\"https:\/\/www.craftontario.com\/exhibitions\/upcoming\" target=\"_blank\" rel=\"noopener\" title=\"\">En savoir plus<\/a> \u2197<\/p>\n\n\n\n<div style=\"height:31px\" aria-hidden=\"true\" class=\"wp-block-spacer\"><\/div>\n\n\n\n<h4 class=\"wp-block-heading\"><strong><em>YOU MADE ME REMEMBER : SHAWN O\u2019HAGAN<\/em><\/strong><\/h4>\n\n\n\n<p><strong>Craft Nova Scotia, Mary E. Black Gallery \u2022 Halifax, N.-\u00c9.<\/strong><\/p>\n\n\n\n<p>Explorez les petits collages textiles et les \u0153uvres en contreplaqu\u00e9 d\u00e9coup\u00e9es au laser, sculpt\u00e9es \u00e0 la main puis peintes par Shawn O\u2019Hagan. L\u2019artiste s\u2019est inspir\u00e9e de l\u2019approche cr\u00e9ative de ses enfants pour r\u00e9aliser les joyeuses pi\u00e8ces de cette expo, qui est guid\u00e9e par son subconscient et son intuition. Le vernissage aura lieu le jeudi\u00a014\u00a0mars. <a href=\"https:\/\/craft-design.ns.ca\/exhibition\/you-made-me-remember\/\" target=\"_blank\" rel=\"noopener\" title=\"\">En savoir plus<\/a> \u2197<\/p>\n\n\n\n<div style=\"height:31px\" aria-hidden=\"true\" class=\"wp-block-spacer\"><\/div>\n\n\n\n<h4 class=\"wp-block-heading\"><strong><em>SPRING BREAK UP<\/em><\/strong><\/h4>\n\n\n\n<p><strong>La Guilde \u2022 Montr\u00e9al, QC<\/strong><\/p>\n\n\n\n<p>Ce printemps, La Guilde organise une expo d\u2019art ax\u00e9e sur l\u2019art autochtone des Territoires du Nord-Ouest, avec des \u0153uvres traditionnelles et contemporaines sur diff\u00e9rents supports. Participez au vernissage le 28\u00a0mars pour c\u00e9l\u00e9brer les arts des T.N.-O. \u00a0<a href=\"https:\/\/laguilde.com\/blogs\/activites-evenements\/spring-break-up\" target=\"_blank\" rel=\"noopener\" title=\"En savoir plus\">En savoir plus<\/a> \u2197<\/p>\n\n\n\n<hr class=\"wp-block-separator has-alpha-channel-opacity\"\/>\n\n\n\n<div style=\"height:31px\" aria-hidden=\"true\" class=\"wp-block-spacer\"><\/div>\n\n\n\n<h3 class=\"wp-block-heading\">D\u00e9couvrez Citizens of Craft<\/h3>\n\n\n\n<p>Citizens of Craft est un projet national cr\u00e9\u00e9 en partenariat avec les conseils des m\u00e9tiers d\u2019art des provinces et des territoires du Canada et la F\u00e9d\u00e9ration canadienne des m\u00e9tiers d\u2019art. Sa plateforme web vise \u00e0 promouvoir les m\u00e9tiers d\u2019art canadiens aupr\u00e8s d\u2019un public international. Explorez les profils d\u2019artistes, de guildes, de mus\u00e9es, de galeries, de boutiques, d\u2019organismes et bien plus encore. Ce site est un formidable r\u00e9pertoire d\u00e9di\u00e9 aux m\u00e9tiers d\u2019art canadiens et aux \u00e9v\u00e9nements qui les mettent en lumi\u00e8re. Si vous \u00eates artiste ou membre d\u2019un conseil des m\u00e9tiers d\u2019art, c\u00e9l\u00e9brez le Mois national des m\u00e9tiers d\u2019art en cr\u00e9ant votre profil sur Citizens of Craft. <a href=\"https:\/\/citizensofcraft.ca\/fr\/creer-un-profil\">En s<\/a><a href=\"https:\/\/citizensofcraft.ca\/fr\/creer-un-profil\" target=\"_blank\" rel=\"noopener\" title=\"\">avoir plus<\/a> \u2197<\/p>\n\n\n\n<hr class=\"wp-block-separator has-alpha-channel-opacity\"\/>\n\n\n\n<div style=\"height:31px\" aria-hidden=\"true\" class=\"wp-block-spacer\"><\/div>\n\n\n\n<h3 class=\"wp-block-heading\">Achetez des m\u00e9tiers d\u2019art<\/h3>\n\n\n\n<p>De Whitehorse \u00e0 St. John\u2019s, parcourez et achetez des \u0153uvres depuis le confort de votre foyer! Les membres de la F\u00e9d\u00e9ration canadienne des m\u00e9tiers d\u2019art proposent en ligne un vaste \u00e9ventail de cr\u00e9ations locales. Gr\u00e2ce \u00e0 ces plateformes, il vous suffit de quelques clics pour soutenir les artistes et les m\u00e9tiers d\u2019art du Canada. Visitez notre page \u00ab\u00a0<a href=\"https:\/\/canadiancraftsfederation.ca\/fr\/acheter-des-metiers-dart-en-ligne\/\">Achetez des m\u00e9tiers d\u2019art<\/a>\u00a0\u00bb pour trouver les liens vers les boutiques en ligne de nos membres.<\/p>\n\n\n\n<hr class=\"wp-block-separator has-alpha-channel-opacity\"\/>\n\n\n\n<div style=\"height:31px\" aria-hidden=\"true\" class=\"wp-block-spacer\"><\/div>\n\n\n\n<p>\u00c0 l\u2019occasion du Mois national des m\u00e9tiers d\u2019art, continuons \u00e0 explorer et \u00e0 c\u00e9l\u00e9brer les m\u00e9tiers d\u2019art canadiens! Que ce soit en visitant des expos, en consultant des publications ou en achetant une \u0153uvre en ligne, votre participation au Mois national des m\u00e9tiers d\u2019art permet de soutenir les artistes et l\u2019ensemble du secteur des m\u00e9tiers d\u2019art du Canada.<\/p>\n","protected":false},"excerpt":{"rendered":"<p>Le Mois national des m\u00e9tiers d\u2019art est le moment id\u00e9al pour c\u00e9l\u00e9brer la cr\u00e9ativit\u00e9 et l\u2019habilet\u00e9 des artistes partout au Canada. Comme l\u2019an dernier, la F\u00e9d\u00e9ration canadienne des m\u00e9tiers d\u2019art&#8230;<\/p>\n","protected":false},"author":2,"featured_media":9852,"comment_status":"open","ping_status":"open","sticky":false,"template":"","format":"standard","meta":{"_acf_changed":false,"_coblocks_attr":"","_coblocks_dimensions":"","_coblocks_responsive_height":"","_coblocks_accordion_ie_support":"","_monsterinsights_skip_tracking":false,"_monsterinsights_sitenote_active":false,"_monsterinsights_sitenote_note":"","_monsterinsights_sitenote_category":0,"footnotes":""},"categories":[31],"tags":[93],"class_list":["post-9849","post","type-post","status-publish","format-standard","has-post-thumbnail","hentry","category-nouvelles-des-metiers-dart","tag-mois-des-metiers-dart"],"acf":[],"aioseo_notices":[],"_links":{"self":[{"href":"https:\/\/canadiancraftsfederation.ca\/fr\/wp-json\/wp\/v2\/posts\/9849","targetHints":{"allow":["GET"]}}],"collection":[{"href":"https:\/\/canadiancraftsfederation.ca\/fr\/wp-json\/wp\/v2\/posts"}],"about":[{"href":"https:\/\/canadiancraftsfederation.ca\/fr\/wp-json\/wp\/v2\/types\/post"}],"author":[{"embeddable":true,"href":"https:\/\/canadiancraftsfederation.ca\/fr\/wp-json\/wp\/v2\/users\/2"}],"replies":[{"embeddable":true,"href":"https:\/\/canadiancraftsfederation.ca\/fr\/wp-json\/wp\/v2\/comments?post=9849"}],"version-history":[{"count":1,"href":"https:\/\/canadiancraftsfederation.ca\/fr\/wp-json\/wp\/v2\/posts\/9849\/revisions"}],"predecessor-version":[{"id":9854,"href":"https:\/\/canadiancraftsfederation.ca\/fr\/wp-json\/wp\/v2\/posts\/9849\/revisions\/9854"}],"wp:featuredmedia":[{"embeddable":true,"href":"https:\/\/canadiancraftsfederation.ca\/fr\/wp-json\/wp\/v2\/media\/9852"}],"wp:attachment":[{"href":"https:\/\/canadiancraftsfederation.ca\/fr\/wp-json\/wp\/v2\/media?parent=9849"}],"wp:term":[{"taxonomy":"category","embeddable":true,"href":"https:\/\/canadiancraftsfederation.ca\/fr\/wp-json\/wp\/v2\/categories?post=9849"},{"taxonomy":"post_tag","embeddable":true,"href":"https:\/\/canadiancraftsfederation.ca\/fr\/wp-json\/wp\/v2\/tags?post=9849"}],"curies":[{"name":"wp","href":"https:\/\/api.w.org\/{rel}","templated":true}]}}