{"id":9571,"date":"2024-01-09T13:05:17","date_gmt":"2024-01-09T17:05:17","guid":{"rendered":"https:\/\/canadiancraftsfederation.ca\/?p=9571"},"modified":"2024-01-09T16:58:19","modified_gmt":"2024-01-09T20:58:19","slug":"en-memoire-de-robert-jekyll","status":"publish","type":"post","link":"https:\/\/canadiancraftsfederation.ca\/fr\/en-memoire-de-robert-jekyll\/","title":{"rendered":"En m\u00e9moire de Robert Jekyll\u00a0: leader visionnaire et d\u00e9fenseur des m\u00e9tiers d\u2019art canadiens"},"content":{"rendered":"\n<h2 class=\"wp-block-heading\">Robert Jekyll<\/h2>\n\n\n\n<h3 class=\"wp-block-heading\">22&nbsp;juin 1933 \u2013 23&nbsp;d\u00e9cembre 2023<\/h3>\n\n\n\n<p>La FMCA\/CCF a \u00e9t\u00e9 profond\u00e9ment attrist\u00e9e d\u2019apprendre le d\u00e9c\u00e8s de Robert Jekyll, survenu le 23&nbsp;d\u00e9cembre 2023 alors qu\u2019il \u00e9tait \u00e2g\u00e9 de 90&nbsp;ans. Robert \u00e9tait une personne extraordinaire et une perle rare dans le monde des m\u00e9tiers d\u2019art. Artiste visuel accompli et ardent d\u00e9fenseur du secteur des m\u00e9tiers d\u2019art, il a touch\u00e9 de nombreuses vies par sa passion et sa cr\u00e9ativit\u00e9. Robert \u00e9tait un leader remarquable et un mentor inspirant qui a laiss\u00e9 une marque ind\u00e9l\u00e9bile sur la culture canadienne et les m\u00e9tiers d\u2019art contemporains. En cette p\u00e9riode difficile, nous sommes de tout c\u0153ur avec les gens qui l\u2019ont connu et aim\u00e9, \u00e0 qui nous souhaitons pr\u00e9senter nos plus sinc\u00e8res condol\u00e9ances.<\/p>\n\n\n\n<p>En tant que vitrailliste remarquable qui suscitait l\u2019admiration de tous et de toutes, Robert \u00e9tait profond\u00e9ment engag\u00e9 dans le secteur artistique et membre du conseil d\u2019administration de nombreux organismes provinciaux et nationaux influents qui appuient les arts. Sa contribution \u00e0 leurs r\u00e9alisations est inestimable.<\/p>\n\n\n\n<p>L\u2019association de Robert avec la FMCA\/CCF a commenc\u00e9 au milieu des ann\u00e9es&nbsp;1990, pendant une p\u00e9riode difficile o\u00f9 l\u2019organisation (alors nomm\u00e9e Conseil canadien des m\u00e9tiers d\u2019art, CCMA) a perdu son financement et a \u00e9t\u00e9 r\u00e9duite \u00e0 un conseil d\u2019administration transitoire compos\u00e9 de b\u00e9n\u00e9voles. Sans jamais se laisser abattre, Robert a multipli\u00e9 les efforts pour que le CCMA demeure op\u00e9rationnel. Sa pers\u00e9v\u00e9rance a port\u00e9 ses fruits, menant \u00e0 la transformation du CCMA en une FCMA\/CCF active et fonctionnelle d\u00e8s 1998. C\u2019est gr\u00e2ce \u00e0 sa d\u00e9termination que notre f\u00e9d\u00e9ration a surv\u00e9cu aux ann\u00e9es les plus tumultueuses de son existence.<\/p>\n\n\n\n<p>Le d\u00e9vouement exemplaire de Robert pour les m\u00e9tiers d\u2019art canadiens a eu un impact majeur sur l\u2019orientation des conseils de m\u00e9tiers d\u2019art du Canada. En tant que pr\u00e9sident du Conseil des m\u00e9tiers d\u2019art de l\u2019Ontario (1998-2000) et de la FCMA\/CCF (2000-2003), sa contribution en mati\u00e8re de programmation, de direction et de d\u00e9fense des int\u00e9r\u00eats des m\u00e9tiers d\u2019art a \u00e9t\u00e9 essentielle \u2013 et bien au-del\u00e0 des responsabilit\u00e9s dict\u00e9es par ses fonctions.<\/p>\n\n\n\n<p>Robert \u00e9tait une personne exceptionnelle, dont l\u2019enthousiasme pour les arts \u00e9tait contagieux. Sa pratique a inspir\u00e9 un grand nombre d\u2019artistes \u00e0 d\u00e9velopper leur propre style, apportant une touche contemporaine \u00e0 un m\u00e9dium souvent abord\u00e9 de fa\u00e7on traditionnelle. Son legs au secteur des m\u00e9tiers d\u2019art est sans \u00e9gal et il manquera beaucoup aux artistes des m\u00e9tiers d\u2019art partout au pays.<\/p>\n\n\n\n<p>L\u2019h\u00e9ritage de Robert Jekyll est perp\u00e9tu\u00e9 par le <a href=\"https:\/\/canadiancraftsfederation.ca\/fr\/a-propos\/awards\/\">Prix Robert Jekyll pour le leadership dans les m\u00e9tiers d\u2019art<\/a>, symbole de son d\u00e9vouement absolu \u00e0 l\u2019\u00e9gard des m\u00e9tiers d\u2019art canadiens. Ce prix reconna\u00eet ses innombrables contributions au secteur, qu\u2019il s\u2019agisse de son travail acharn\u00e9 en mati\u00e8re d\u2019administration et d\u2019organisation ou de ses efforts de b\u00e9n\u00e9volat. Parmi les r\u00e9cipiendaires des ann\u00e9es pass\u00e9es se trouvent des leaders du secteur comme Charles Lewton-Brain et Jean Johnson, ainsi que Robert lui-m\u00eame, et nous aurons bient\u00f4t la chance de remettre ce prix \u00e0 une autre personne m\u00e9ritante lors de notre symposium. C\u2019est un honneur de voir le nom de Robert associ\u00e9 \u00e0 ce prix, et nous sommes ravis que ses r\u00e9alisations et sa passion continuent \u00e0 inspirer les g\u00e9n\u00e9rations futures qui soutiennent et d\u00e9fendent les m\u00e9tiers d\u2019art.<\/p>\n\n\n\n<p>Si vous souhaitez faire un don \u00e0 la m\u00e9moire de Robert, nous vous sugg\u00e9rons de soutenir le Prix Robert Jekyll pour le leadership en m\u00e9tiers d\u2019art, qui est administr\u00e9 par la FCMA\/CCF. Vous pouvez y contribuer par le biais de ce site\u00a0: <a href=\"https:\/\/www.canadahelps.org\/fr\/charities\/canadian-crafts-federation\/\">https:\/\/www.canadahelps.org\/fr\/charities\/canadian-crafts-federation\/<\/a>.<\/p>\n\n\n\n<p class=\"is-style-info\">En hommage \u00e0 la vie et \u00e0 l&rsquo;h\u00e9ritage de Robert, nous organisons une comm\u00e9moration sp\u00e9ciale dans le cadre de la remise du prix Robert Jekyll, le vendredi 12 janvier 2024. Cet \u00e9v\u00e9nement sera l&rsquo;occasion pour les membres du secteur et au-del\u00e0 de se r\u00e9unir, de partager des souvenirs de Robert et de c\u00e9l\u00e9brer ses contributions au secteur de des m\u00e9tiers d&rsquo;art.<br><a href=\"https:\/\/us06web.zoom.us\/meeting\/register\/tZYrd-GvqTgiHdA1CzHtVAoElJ3YHz0O3YXD\" target=\"_blank\" rel=\"noreferrer noopener\">Inscription<\/a><\/p>\n\n\n\n<p>Pour en savoir plus sur la vie et l\u2019\u0153uvre de Robert, veuillez consulter les liens suivants&nbsp;:<\/p>\n\n\n\n<p>&#8211; Prix Robert Jekyll pour le leadership dans les m\u00e9tiers d\u2019art (2016)&nbsp;: <a href=\"https:\/\/www.youtube.com\/watch?v=_TPzCUhnHBc\">https:\/\/www.youtube.com\/watch?v=_TPzCUhnHBc<\/a> [vid\u00e9o en anglais]<\/p>\n\n\n\n<p>&#8211; Painting with Light (1978): <a href=\"https:\/\/youtu.be\/uH7N5pnRJ5g?si=-77oXDy94jmUGyZk\">https:\/\/youtu.be\/uH7N5pnRJ5g?si=-77oXDy94jmUGyZk<\/a> [vid\u00e9o en anglais]<\/p>\n","protected":false},"excerpt":{"rendered":"<p>Robert Jekyll 22&nbsp;juin 1933 \u2013 23&nbsp;d\u00e9cembre 2023 La FMCA\/CCF a \u00e9t\u00e9 profond\u00e9ment attrist\u00e9e d\u2019apprendre le d\u00e9c\u00e8s de Robert Jekyll, survenu le 23&nbsp;d\u00e9cembre 2023 alors qu\u2019il \u00e9tait \u00e2g\u00e9 de 90&nbsp;ans. Robert&#8230;<\/p>\n","protected":false},"author":2,"featured_media":9569,"comment_status":"open","ping_status":"open","sticky":false,"template":"","format":"standard","meta":{"_acf_changed":false,"_coblocks_attr":"","_coblocks_dimensions":"","_coblocks_responsive_height":"","_coblocks_accordion_ie_support":"","_monsterinsights_skip_tracking":false,"_monsterinsights_sitenote_active":false,"_monsterinsights_sitenote_note":"","_monsterinsights_sitenote_category":0,"footnotes":""},"categories":[31],"tags":[127],"class_list":["post-9571","post","type-post","status-publish","format-standard","has-post-thumbnail","hentry","category-nouvelles-des-metiers-dart","tag-robert-jekyll-2"],"acf":[],"aioseo_notices":[],"_links":{"self":[{"href":"https:\/\/canadiancraftsfederation.ca\/fr\/wp-json\/wp\/v2\/posts\/9571","targetHints":{"allow":["GET"]}}],"collection":[{"href":"https:\/\/canadiancraftsfederation.ca\/fr\/wp-json\/wp\/v2\/posts"}],"about":[{"href":"https:\/\/canadiancraftsfederation.ca\/fr\/wp-json\/wp\/v2\/types\/post"}],"author":[{"embeddable":true,"href":"https:\/\/canadiancraftsfederation.ca\/fr\/wp-json\/wp\/v2\/users\/2"}],"replies":[{"embeddable":true,"href":"https:\/\/canadiancraftsfederation.ca\/fr\/wp-json\/wp\/v2\/comments?post=9571"}],"version-history":[{"count":2,"href":"https:\/\/canadiancraftsfederation.ca\/fr\/wp-json\/wp\/v2\/posts\/9571\/revisions"}],"predecessor-version":[{"id":9598,"href":"https:\/\/canadiancraftsfederation.ca\/fr\/wp-json\/wp\/v2\/posts\/9571\/revisions\/9598"}],"wp:featuredmedia":[{"embeddable":true,"href":"https:\/\/canadiancraftsfederation.ca\/fr\/wp-json\/wp\/v2\/media\/9569"}],"wp:attachment":[{"href":"https:\/\/canadiancraftsfederation.ca\/fr\/wp-json\/wp\/v2\/media?parent=9571"}],"wp:term":[{"taxonomy":"category","embeddable":true,"href":"https:\/\/canadiancraftsfederation.ca\/fr\/wp-json\/wp\/v2\/categories?post=9571"},{"taxonomy":"post_tag","embeddable":true,"href":"https:\/\/canadiancraftsfederation.ca\/fr\/wp-json\/wp\/v2\/tags?post=9571"}],"curies":[{"name":"wp","href":"https:\/\/api.w.org\/{rel}","templated":true}]}}