{"id":8355,"date":"2023-03-09T06:00:00","date_gmt":"2023-03-09T10:00:00","guid":{"rendered":"https:\/\/canadiancraftsfederation.ca\/?p=8355"},"modified":"2023-03-08T20:29:35","modified_gmt":"2023-03-09T00:29:35","slug":"mois-des-metiers-dart-2023","status":"publish","type":"post","link":"https:\/\/canadiancraftsfederation.ca\/fr\/mois-des-metiers-dart-2023\/","title":{"rendered":"C\u00e9l\u00e9brez le mois des m\u00e9tiers d\u2019art"},"content":{"rendered":"\n<h3 class=\"wp-block-heading\">Comment f\u00eaterez-vous le mois des m\u00e9tiers d\u2019art?<\/h3>\n\n\n\n<p>En 1994, la Craft &amp; Hobby Association a \u00e9tabli le mois national des m\u00e9tiers d\u2019art en mars pour conscientiser les gens aux m\u00e9tiers d\u2019art et pr\u00e9senter aux \u00c9tats-Uniens de nouveaux projets cr\u00e9atifs. Bien que le Canada ne reconnaisse pas officiellement le mois des m\u00e9tiers d\u2019art, c\u2019est tout de m\u00eame l\u2019occasion d\u2019\u00eatre stimul\u00e9 par les m\u00e9tiers d\u2019art!<\/p>\n\n\n\n<h3 class=\"wp-block-heading\"><strong>R\u00e9explorez un ancien passe-temps<\/strong><\/h3>\n\n\n\n<p>Le mois des m\u00e9tiers d\u2019art est l\u2019occasion id\u00e9ale de ressortir un projet oubli\u00e9 et de revisiter vos anciens passe-temps cr\u00e9atifs. Une fois que vous aurez commenc\u00e9, vous vous demanderez pourquoi vous aviez arr\u00eat\u00e9! Tout le monde aime avoir la chance de se laisser aller et de cr\u00e9er!<\/p>\n\n\n\n<h3 class=\"wp-block-heading\"><strong>Visitez votre conseil des m\u00e9tiers d\u2019art local<\/strong><\/h3>\n\n\n\n<p>Ici, \u00e0 la F\u00e9d\u00e9ration canadienne des m\u00e9tiers d\u2019art, nous travaillons de pr\u00e8s avec <a href=\"https:\/\/canadiancraftsfederation.ca\/fr\/adhesion\/\">les conseils des arts membres<\/a>. Les conseils des m\u00e9tiers d\u2019art font toujours un excellent travail pour appuyer la sc\u00e8ne locale des m\u00e9tiers d\u2019art. Alors, que vous soyez artiste, cr\u00e9ateur ou collectionneur de m\u00e9tiers d\u2019art, nous avons la certitude que votre conseil des m\u00e9tiers d\u2019art provincial ou territorial* est l\u2019endroit tout indiqu\u00e9 pour magasiner.&nbsp;<\/p>\n\n\n\n<div style=\"height:50px\" aria-hidden=\"true\" class=\"wp-block-spacer\"><\/div>\n\n\n\n<div class=\"wp-block-buttons is-content-justification-center is-layout-flex wp-container-core-buttons-is-layout-16018d1d wp-block-buttons-is-layout-flex\">\n<div class=\"wp-block-button\"><a class=\"wp-block-button__link wp-element-button\" href=\"https:\/\/canadiancraftsfederation.ca\/fr\/adhesion\/\" target=\"_blank\" rel=\"noreferrer noopener\">En Savior Plus<\/a><\/div>\n<\/div>\n\n\n\n<div style=\"height:50px\" aria-hidden=\"true\" class=\"wp-block-spacer\"><\/div>\n\n\n\n<h3 class=\"wp-block-heading\"><strong>Apprenez-en plus sur les m\u00e9tiers d\u2019art<\/strong><\/h3>\n\n\n\n<p>Joignez-vous \u00e0 l\u2019historienne et autrice des m\u00e9tiers d\u2019art <a href=\"https:\/\/bonedrybodies.weebly.com\/\" target=\"_blank\" rel=\"noreferrer noopener\">Mary Callaghan (MC) Baumstark<\/a> pour explorer les racines anciennes et contemporaines de l\u2019activisme des m\u00e9tiers d\u2019art au <a href=\"https:\/\/csda-ccad.org\/\" target=\"_blank\" rel=\"noreferrer noopener\">Cercle canadien des arts d\u00e9coratifs<\/a>. <a rel=\"noreferrer noopener\" href=\"https:\/\/www.eventbrite.ca\/e\/ornamentum-lecture-series-craftivism-since-2001-tickets-557641880877\" target=\"_blank\">Cette pr\u00e9sentation<\/a> (en anglais) abordera les compr\u00e9hensions populaires et universitaires de l\u2019activisme des m\u00e9tiers d\u2019art. Obtenez un rabais de 30&nbsp;% en tant qu\u2019abonn\u00e9, membre ou affili\u00e9 de la CCF\/FCMA. Veuillez utiliser le code \u00ab\u2009CCF&nbsp;2023\u2009\u00bb.<\/p>\n\n\n\n<div style=\"height:50px\" aria-hidden=\"true\" class=\"wp-block-spacer\"><\/div>\n\n\n\n<div class=\"wp-block-buttons is-content-justification-center is-layout-flex wp-container-core-buttons-is-layout-16018d1d wp-block-buttons-is-layout-flex\">\n<div class=\"wp-block-button\"><a class=\"wp-block-button__link wp-element-button\" href=\"https:\/\/www.eventbrite.ca\/e\/ornamentum-lecture-series-craftivism-since-2001-tickets-557641880877\" target=\"_blank\" rel=\"noreferrer noopener\">En Savior Plus<\/a><\/div>\n<\/div>\n\n\n\n<div style=\"height:50px\" aria-hidden=\"true\" class=\"wp-block-spacer\"><\/div>\n\n\n\n<h3 class=\"wp-block-heading\"><strong>Payez-vous de petits conforts faits \u00e0 la main<\/strong><\/h3>\n\n\n\n<p>Il est temps de vous mettre \u00e0 l\u2019aise dans votre coin pr\u00e9f\u00e9r\u00e9 et de revisiter un ancien projet, d\u2019en apprendre plus sur des artistes locaux ou de profiter des articles faits avec soin qui vous entourent. Les m\u00e9tiers d\u2019art sont un spectre dont <a href=\"https:\/\/canadiancraftsfederation.ca\/fr\/lenvergure-des-metiers-dart\/\">l\u2019envergure<\/a> comprend notamment l\u2019expression artistique et les impacts \u00e9conomiques sur les collectivit\u00e9s. <\/p>\n\n\n\n<p>Servez-vous du mot-clic #MoisDesM\u00e9tiersDArt et taguez-nous \u00e0 <a href=\"https:\/\/www.instagram.com\/ccffcma\/\" target=\"_blank\" rel=\"noreferrer noopener\">@ccffcma<\/a> pour nous montrer comment vous comptez c\u00e9l\u00e9brer les m\u00e9tiers d\u2019art!<\/p>\n\n\n\n<p>* La CCF\/FCMA n\u2019a pas de conseil des m\u00e9tiers d\u2019art ni de membre affili\u00e9 au Nunavut pour le moment.<\/p>\n\n\n\n<div style=\"height:100px\" aria-hidden=\"true\" class=\"wp-block-spacer\"><\/div>\n\n\n\n<div class=\"wp-block-group\"><div class=\"wp-block-group__inner-container is-layout-flow wp-block-group-is-layout-flow\">\n<h4 class=\"wp-block-heading\" id=\"craft-news\">Nouvelles des m\u00e9tiers d&rsquo;art<\/h4>\n\n\n<div class=\"wp-block-coblocks-posts is-style-stacked\"><div class=\"wp-block-coblocks-posts__inner has-columns has-3-columns has-responsive-columns has-sixteen-to-nine-image\"><div class=\"wp-block-coblocks-posts__item\"><div class=\"wp-block-coblocks-posts__content flex-start\"><time datetime=\"\" class=\"wp-block-coblocks-posts__date\">avril 23, 2026<\/time><a href=\"https:\/\/canadiancraftsfederation.ca\/fr\/appel-de-candidatures-emplois-dete-canada-documentaliste-et-adjoint%c2%b7e-administratif%c2%b7ive\/\" alt=\"Appel de candidatures \u2013 Emplois d\u2019\u00e9t\u00e9 Canada\u00a0:\u00a0Documentaliste et adjoint\u00b7e administratif\u00b7ive\">Appel de candidatures \u2013 Emplois d\u2019\u00e9t\u00e9 Canada\u00a0:\u00a0Documentaliste et adjoint\u00b7e administratif\u00b7ive<\/a><div class=\"wp-block-coblocks-posts__excerpt\">La F\u00e9d\u00e9ration canadienne des m\u00e9tiers d\u2019art \/ Canadian Crafts Federation (FCMA\/CCF) est &hellip; <\/div><\/div><\/div><div class=\"wp-block-coblocks-posts__item\"><div class=\"wp-block-coblocks-posts__content flex-start\"><time datetime=\"\" class=\"wp-block-coblocks-posts__date\">avril 23, 2026<\/time><a href=\"https:\/\/canadiancraftsfederation.ca\/fr\/appel-de-candidatures-emplois-dete-canada-auxiliaire-a-la-conception-du-sga-et-des-apprentissages\/\" alt=\"Appel de candidatures \u2013 Emplois d\u2019\u00e9t\u00e9 Canada\u00a0: Auxiliaire \u00e0 la conception du SGA et des apprentissages\">Appel de candidatures \u2013 Emplois d\u2019\u00e9t\u00e9 Canada\u00a0: Auxiliaire \u00e0 la conception du SGA et des apprentissages<\/a><div class=\"wp-block-coblocks-posts__excerpt\">La F\u00e9d\u00e9ration canadienne des m\u00e9tiers d\u2019art \/ Canadian Crafts Federation (FCMA\/CCF) est &hellip; <\/div><\/div><\/div><div class=\"wp-block-coblocks-posts__item\"><div class=\"wp-block-coblocks-posts__content flex-start\"><time datetime=\"\" class=\"wp-block-coblocks-posts__date\">avril 23, 2026<\/time><a href=\"https:\/\/canadiancraftsfederation.ca\/fr\/appel-de-candidatures-emplois-dete-canada-createur%c2%b7trice-de-contenu\/\" alt=\"Appel de candidatures &#8211; Emplois d\u2019\u00e9t\u00e9 Canada\u00a0:\u00a0 Cr\u00e9ateur\u00b7trice de contenu\">Appel de candidatures &#8211; Emplois d\u2019\u00e9t\u00e9 Canada\u00a0:\u00a0 Cr\u00e9ateur\u00b7trice de contenu<\/a><div class=\"wp-block-coblocks-posts__excerpt\">La F\u00e9d\u00e9ration canadienne des m\u00e9tiers d\u2019art \/ Canadian Crafts Federation (FCMA\/CCF) est &hellip; <\/div><\/div><\/div><\/div><\/div><\/div><\/div>\n","protected":false},"excerpt":{"rendered":"<p>Il est temps de vous mettre \u00e0 l\u2019aise dans votre coin pr\u00e9f\u00e9r\u00e9 et de revisiter un ancien projet, d\u2019en apprendre plus sur des artistes locaux ou de profiter des articles&#8230;<\/p>\n","protected":false},"author":7,"featured_media":8356,"comment_status":"open","ping_status":"open","sticky":false,"template":"","format":"standard","meta":{"_acf_changed":false,"_coblocks_attr":"","_coblocks_dimensions":"","_coblocks_responsive_height":"","_coblocks_accordion_ie_support":"","_monsterinsights_skip_tracking":false,"_monsterinsights_sitenote_active":false,"_monsterinsights_sitenote_note":"","_monsterinsights_sitenote_category":0,"footnotes":""},"categories":[31],"tags":[93],"class_list":["post-8355","post","type-post","status-publish","format-standard","has-post-thumbnail","hentry","category-nouvelles-des-metiers-dart","tag-mois-des-metiers-dart"],"acf":[],"aioseo_notices":[],"_links":{"self":[{"href":"https:\/\/canadiancraftsfederation.ca\/fr\/wp-json\/wp\/v2\/posts\/8355","targetHints":{"allow":["GET"]}}],"collection":[{"href":"https:\/\/canadiancraftsfederation.ca\/fr\/wp-json\/wp\/v2\/posts"}],"about":[{"href":"https:\/\/canadiancraftsfederation.ca\/fr\/wp-json\/wp\/v2\/types\/post"}],"author":[{"embeddable":true,"href":"https:\/\/canadiancraftsfederation.ca\/fr\/wp-json\/wp\/v2\/users\/7"}],"replies":[{"embeddable":true,"href":"https:\/\/canadiancraftsfederation.ca\/fr\/wp-json\/wp\/v2\/comments?post=8355"}],"version-history":[{"count":7,"href":"https:\/\/canadiancraftsfederation.ca\/fr\/wp-json\/wp\/v2\/posts\/8355\/revisions"}],"predecessor-version":[{"id":8373,"href":"https:\/\/canadiancraftsfederation.ca\/fr\/wp-json\/wp\/v2\/posts\/8355\/revisions\/8373"}],"wp:featuredmedia":[{"embeddable":true,"href":"https:\/\/canadiancraftsfederation.ca\/fr\/wp-json\/wp\/v2\/media\/8356"}],"wp:attachment":[{"href":"https:\/\/canadiancraftsfederation.ca\/fr\/wp-json\/wp\/v2\/media?parent=8355"}],"wp:term":[{"taxonomy":"category","embeddable":true,"href":"https:\/\/canadiancraftsfederation.ca\/fr\/wp-json\/wp\/v2\/categories?post=8355"},{"taxonomy":"post_tag","embeddable":true,"href":"https:\/\/canadiancraftsfederation.ca\/fr\/wp-json\/wp\/v2\/tags?post=8355"}],"curies":[{"name":"wp","href":"https:\/\/api.w.org\/{rel}","templated":true}]}}