{"id":7744,"date":"2022-09-21T14:37:03","date_gmt":"2022-09-21T17:37:03","guid":{"rendered":"https:\/\/canadiancraftsfederation.ca\/?p=7744"},"modified":"2022-09-21T15:48:53","modified_gmt":"2022-09-21T18:48:53","slug":"les-finalistes-du-prix-robert-jekyll-2022-sont-annonces","status":"publish","type":"post","link":"https:\/\/canadiancraftsfederation.ca\/fr\/les-finalistes-du-prix-robert-jekyll-2022-sont-annonces\/","title":{"rendered":"Les finalistes du Prix Robert Jekyll\u00a02022 sont annonc\u00e9s"},"content":{"rendered":"\n<h3 class=\"wp-block-heading\">Trois personnes sont reconnues pour leur leadership en m\u00e9tiers d\u2019art<\/h3>\n\n\n\n<p>La F\u00e9d\u00e9ration canadienne des m\u00e9tiers d\u2019art (CCF\/FCMA) est heureuse d\u2019annoncer les trois leaders exceptionnels en m\u00e9tiers d\u2019art qui sont finalistes pour le Prix Robert Jekyll&nbsp;2022. Amy Gogarty, Barbara Heller et Denis Longchamps ont tous manifest\u00e9 un d\u00e9vouement envers l\u2019impulsion et le d\u00e9veloppement du secteur des m\u00e9tiers d\u2019art canadien. Le 16<sup>e<\/sup> laur\u00e9at du prix annuel Robert Jekyll sera annonc\u00e9 le 28&nbsp;septembre, puis la c\u00e9r\u00e9monie de remise de prix se tiendra le 1<sup>er<\/sup>&nbsp;octobre \u00e0 Saint John\u2019s \u00e0 Terre-Neuve-et-Labrador durant le <a href=\"https:\/\/canadiancraftsfederation.ca\/fr\/congres\/\">Sommet des m\u00e9tiers d\u2019art&nbsp;2022<\/a>.<\/p>\n\n\n\n<p>Le <a href=\"https:\/\/canadiancraftsfederation.ca\/fr\/a-propos\/awards\/\">Prix Robert Jekyll pour le leadership dans les m\u00e9tiers d\u2019art<\/a> c\u00e9l\u00e8bre des personnes qui se sont distingu\u00e9es \u00e0 titre de contributeurs dans le secteur des m\u00e9tiers d\u2019art, et c\u2019est l\u2019un des marqueurs les plus importants du d\u00e9vouement exceptionnel d\u2019une personne envers le d\u00e9veloppement de la communaut\u00e9 des m\u00e9tiers d\u2019art au Canada. F\u00e9licitations \u00e0 tous les candidats et merci \u00e0 tous les membres de la CCF\/FCMA de prendre le temps de c\u00e9l\u00e9brer la passion des cr\u00e9ateurs de m\u00e9tiers d\u2019art d\u2019un oc\u00e9an \u00e0 l\u2019autre.<\/p>\n\n\n\n<div style=\"height:100px\" aria-hidden=\"true\" class=\"wp-block-spacer\"><\/div>\n\n\n\n<div class=\"wp-block-group\"><div class=\"wp-block-group__inner-container is-layout-flow wp-block-group-is-layout-flow\">\n<h4 class=\"wp-block-heading\">Amy Gogarty<\/h4>\n\n\n\n<div class=\"wp-block-columns is-layout-flex wp-container-core-columns-is-layout-9d6595d7 wp-block-columns-is-layout-flex\">\n<div class=\"wp-block-column is-layout-flow wp-block-column-is-layout-flow\" style=\"flex-basis:33.33%\">\n<figure class=\"wp-block-image size-full is-style-rounded\"><a href=\"https:\/\/amygogarty.weebly.com\/\" target=\"_blank\" rel=\"noopener\"><img loading=\"lazy\" decoding=\"async\" width=\"200\" height=\"200\" src=\"https:\/\/canadiancraftsfederation.ca\/wp-content\/uploads\/2021\/12\/Amy-Gogarty.jpg\" alt=\"Amy Gogarty\" class=\"wp-image-6936\" srcset=\"https:\/\/canadiancraftsfederation.ca\/wp-content\/uploads\/2021\/12\/Amy-Gogarty.jpg 200w, https:\/\/canadiancraftsfederation.ca\/wp-content\/uploads\/2021\/12\/Amy-Gogarty-150x150.jpg 150w, https:\/\/canadiancraftsfederation.ca\/wp-content\/uploads\/2021\/12\/Amy-Gogarty-45x45.jpg 45w\" sizes=\"auto, (max-width: 200px) 100vw, 200px\" \/><\/a><\/figure>\n<\/div>\n\n\n\n<div class=\"wp-block-column is-layout-flow wp-block-column-is-layout-flow\" style=\"flex-basis:66.66%\">\n<p>Amy Gogerty est autrice, c\u00e9ramiste et b\u00e9n\u00e9vole dans le secteur, au courant des processus, des tendances et des traditions historiques et contemporaines en m\u00e9tiers d\u2019art. Amy \u00e9tait \u00e9ditrice (avec Ruth Chambers et Mireille Perron) de <em>Utopic Impulses: Contemporary Ceramics Practice, a contemporary anthology of socially responsible ceramics practice<\/em> et, avec Nisse Gustafson, du troisi\u00e8me volume de l\u2019importante s\u00e9rie de Paula Gustafson, <em>Craft Perception and Practice<\/em>. Elle est souvent contributrice \u00e0 la publication <em>Galleries West<\/em> et, \u00e0 titre de b\u00e9n\u00e9vole, aux bulletins de nouvelles du Conseil des arts de la Colombie-Britannique et de PGBC. Amy est ambassadrice par excellence du b\u00e9n\u00e9volat et des pratiques en m\u00e9tiers d\u2019art. Elle est devenue une pierre angulaire et une contributrice chevronn\u00e9e pour plusieurs projets et on continue de l\u2019estimer comme contributrice qui renforce le statut des m\u00e9tiers d\u2019art au Canada et ailleurs.&nbsp;<\/p>\n<\/div>\n<\/div>\n<\/div><\/div>\n\n\n\n<div class=\"wp-block-buttons is-content-justification-center is-layout-flex wp-container-core-buttons-is-layout-16018d1d wp-block-buttons-is-layout-flex\">\n<div class=\"wp-block-button\"><a class=\"wp-block-button__link\" href=\"https:\/\/amygogarty.weebly.com\/\" target=\"_blank\" rel=\"noreferrer noopener\">Consultez le site Web d\u2019Amy Gogerty<\/a><\/div>\n<\/div>\n\n\n\n<div style=\"height:100px\" aria-hidden=\"true\" class=\"wp-block-spacer\"><\/div>\n\n\n\n<div class=\"wp-block-group\"><div class=\"wp-block-group__inner-container is-layout-flow wp-block-group-is-layout-flow\">\n<h4 class=\"wp-block-heading\">Barbara Heller<\/h4>\n\n\n\n<div class=\"wp-block-columns is-layout-flex wp-container-core-columns-is-layout-9d6595d7 wp-block-columns-is-layout-flex\">\n<div class=\"wp-block-column is-layout-flow wp-block-column-is-layout-flow\" style=\"flex-basis:33.33%\">\n<figure class=\"wp-block-image size-full is-resized is-style-rounded\"><img loading=\"lazy\" decoding=\"async\" src=\"https:\/\/canadiancraftsfederation.ca\/wp-content\/uploads\/2022\/09\/Barbara-Heller-1.jpg\" alt=\"Barbara Heller\" class=\"wp-image-7735\" width=\"200\" height=\"200\" srcset=\"https:\/\/canadiancraftsfederation.ca\/wp-content\/uploads\/2022\/09\/Barbara-Heller-1.jpg 1536w, https:\/\/canadiancraftsfederation.ca\/wp-content\/uploads\/2022\/09\/Barbara-Heller-1-300x300.jpg 300w, https:\/\/canadiancraftsfederation.ca\/wp-content\/uploads\/2022\/09\/Barbara-Heller-1-1024x1024.jpg 1024w, https:\/\/canadiancraftsfederation.ca\/wp-content\/uploads\/2022\/09\/Barbara-Heller-1-150x150.jpg 150w, https:\/\/canadiancraftsfederation.ca\/wp-content\/uploads\/2022\/09\/Barbara-Heller-1-768x768.jpg 768w, https:\/\/canadiancraftsfederation.ca\/wp-content\/uploads\/2022\/09\/Barbara-Heller-1-45x45.jpg 45w\" sizes=\"auto, (max-width: 200px) 100vw, 200px\" \/><\/figure>\n<\/div>\n\n\n\n<div class=\"wp-block-column is-layout-flow wp-block-column-is-layout-flow\" style=\"flex-basis:66.66%\">\n<p>Barbara Heller est \u00e0 l\u2019avant-plan de l\u2019\u00e9volution de la tapisserie, du tissage et des communaut\u00e9s des m\u00e9tiers d\u2019art en Colombie-Britannique, au Canada et \u00e0 l\u2019international depuis plus de 48&nbsp;ans. Elle a organis\u00e9 des expositions et des symposiums, a r\u00e9dig\u00e9 des articles, a offert des ateliers et offert des conf\u00e9rences et a \u00e9t\u00e9 jur\u00e9e et commissaire d\u2019expositions. Barbara a fond\u00e9 la B.C. Society of Tapestry Artists (soci\u00e9t\u00e9 des artistes en tapisserie de la C.-B.) en 1993, et le Canadian Tapestry Network (r\u00e9seau canadien de tapisserie) en 1995. Dans son atelier de l\u2019\u00eele de Granville \u00e0 Vancouver, Barbara est une richissime source d\u2019information pour les artistes de m\u00e9tiers d\u2019art et les touristes. En tant qu\u2019ambassadrice pour le secteur canadien des m\u00e9tiers d\u2019art en g\u00e9n\u00e9ral et de la tapisserie en particulier, Barbara est une b\u00e9n\u00e9vole d\u00e9vou\u00e9e qui propulse le secteur vers l\u2019avenir.<\/p>\n<\/div>\n<\/div>\n<\/div><\/div>\n\n\n\n<div class=\"wp-block-buttons is-content-justification-center is-layout-flex wp-container-core-buttons-is-layout-16018d1d wp-block-buttons-is-layout-flex\">\n<div class=\"wp-block-button\"><a class=\"wp-block-button__link\" href=\"https:\/\/www.barbaraheller.ca\/\" target=\"_blank\" rel=\"noreferrer noopener\">Consultez le site Web de Barbara Heller<\/a><\/div>\n<\/div>\n\n\n\n<div style=\"height:100px\" aria-hidden=\"true\" class=\"wp-block-spacer\"><\/div>\n\n\n\n<div class=\"wp-block-group\"><div class=\"wp-block-group__inner-container is-layout-flow wp-block-group-is-layout-flow\">\n<h4 class=\"wp-block-heading\">Dr. Denis Longchamps<\/h4>\n\n\n\n<div class=\"wp-block-columns is-layout-flex wp-container-core-columns-is-layout-9d6595d7 wp-block-columns-is-layout-flex\">\n<div class=\"wp-block-column is-layout-flow wp-block-column-is-layout-flow\" style=\"flex-basis:33.33%\">\n<figure class=\"wp-block-image size-full is-resized is-style-rounded\"><img loading=\"lazy\" decoding=\"async\" src=\"https:\/\/canadiancraftsfederation.ca\/wp-content\/uploads\/2022\/09\/Denis-Lonchamps.jpeg\" alt=\"Dr. Denis Longchamps\" class=\"wp-image-7737\" width=\"200\" height=\"200\" srcset=\"https:\/\/canadiancraftsfederation.ca\/wp-content\/uploads\/2022\/09\/Denis-Lonchamps.jpeg 2073w, https:\/\/canadiancraftsfederation.ca\/wp-content\/uploads\/2022\/09\/Denis-Lonchamps-300x300.jpeg 300w, https:\/\/canadiancraftsfederation.ca\/wp-content\/uploads\/2022\/09\/Denis-Lonchamps-1024x1024.jpeg 1024w, https:\/\/canadiancraftsfederation.ca\/wp-content\/uploads\/2022\/09\/Denis-Lonchamps-150x150.jpeg 150w, https:\/\/canadiancraftsfederation.ca\/wp-content\/uploads\/2022\/09\/Denis-Lonchamps-768x768.jpeg 768w, https:\/\/canadiancraftsfederation.ca\/wp-content\/uploads\/2022\/09\/Denis-Lonchamps-1536x1536.jpeg 1536w, https:\/\/canadiancraftsfederation.ca\/wp-content\/uploads\/2022\/09\/Denis-Lonchamps-2048x2048.jpeg 2048w, https:\/\/canadiancraftsfederation.ca\/wp-content\/uploads\/2022\/09\/Denis-Lonchamps-45x45.jpeg 45w\" sizes=\"auto, (max-width: 200px) 100vw, 200px\" \/><\/figure>\n<\/div>\n\n\n\n<div class=\"wp-block-column is-layout-flow wp-block-column-is-layout-flow\" style=\"flex-basis:66.66%\">\n<p>Dr Denis Longchamps joue un r\u00f4le essentiel \u00e0 titre d\u2019auteur et de commissaire en m\u00e9tiers d\u2019art contemporains et historiques. Il a cr\u00e9\u00e9 et publi\u00e9 les Cahiers m\u00e9tiers d\u2019art&nbsp;: Craft Journal (2007-2016), qui appuyait et c\u00e9l\u00e9brait les m\u00e9tiers d\u2019art au Canada. Denis a \u00e9t\u00e9 membre de plusieurs conseils d\u2019administration et comit\u00e9s, notamment \u00e0 la Canadian Clay and Glass Gallery, au Montreal Centre for Contemporary Textiles, au Centre de c\u00e9ramique Bonsecours, au Mus\u00e9e des ma\u00eetres et artisans du Qu\u00e9bec, au Mus\u00e9e de Joliette et ainsi que dans l\u2019\u00e9quipe r\u00e9gionale de r\u00e9daction de la revue Studio. Il \u0153uvre pour faire avancer le discours public sur les m\u00e9tiers d\u2019art au Canada et augmenter la visibilit\u00e9 et l\u2019appui financier des cr\u00e9ateurs et artistes de m\u00e9tiers d\u2019art canadiens de la rel\u00e8ve dans le domaine du verre.<\/p>\n<\/div>\n<\/div>\n<\/div><\/div>\n\n\n\n<div style=\"height:100px\" aria-hidden=\"true\" class=\"wp-block-spacer\"><\/div>\n\n\n\n<h4 class=\"wp-block-heading\">C\u00e9r\u00e9monie de remise des prix \u00e0 Saint John\u2019s<\/h4>\n\n\n\n<p>Le prix&nbsp;2022 sera pr\u00e9sent\u00e9 le 1<sup>er<\/sup>&nbsp;octobre \u00e0 Saint John\u2019s \u00e0 Terre-Neuve-et-Labrador, lors du <a href=\"https:\/\/canadiancraftsfederation.ca\/fr\/congres\/\">Sommet des m\u00e9tiers d\u2019art&nbsp;2022<\/a>, La technologie des dix doigts&nbsp;: Des liens pour les nouvelles r\u00e9alit\u00e9s.&nbsp;<\/p>\n\n\n\n<p>Chaque ann\u00e9e, ce sont des donateurs comme vous qui rendent ce prix possible. Vous pouvez faire un don au Prix Robert Jekyll pour le leadership dans les m\u00e9tiers d\u2019art sur <a href=\"https:\/\/www.canadahelps.org\/fr\/organismesdebienfaisance\/canadian-crafts-federation\/\">Canadon.org<\/a>. Votre appui financier aide la F\u00e9d\u00e9ration canadienne des m\u00e9tiers d\u2019art \u00e0 g\u00e9rer le prix et \u00e0 c\u00e9l\u00e9brer les candidats.&nbsp;<\/p>\n\n\n\n<div style=\"height:100px\" aria-hidden=\"true\" class=\"wp-block-spacer\"><\/div>\n\n\n\n<div class=\"wp-block-buttons is-content-justification-center is-layout-flex wp-container-core-buttons-is-layout-16018d1d wp-block-buttons-is-layout-flex\">\n<div class=\"wp-block-button\"><a class=\"wp-block-button__link\" href=\"https:\/\/www.canadahelps.org\/fr\/organismesdebienfaisance\/canadian-crafts-federation\/\">Donnez aujourd\u2019hui<\/a><\/div>\n<\/div>\n\n\n\n<div style=\"height:100px\" aria-hidden=\"true\" class=\"wp-block-spacer\"><\/div>\n\n\n\n<div class=\"wp-block-group\"><div class=\"wp-block-group__inner-container is-layout-flow wp-block-group-is-layout-flow\">\n<h4 class=\"wp-block-heading\" id=\"craft-news\">Nouvelles des m\u00e9tiers d&rsquo;art<\/h4>\n\n\n<div class=\"wp-block-coblocks-posts is-style-stacked\"><div class=\"wp-block-coblocks-posts__inner has-columns has-3-columns has-responsive-columns has-sixteen-to-nine-image\"><div class=\"wp-block-coblocks-posts__item\"><div class=\"wp-block-coblocks-posts__content flex-start\"><time datetime=\"\" class=\"wp-block-coblocks-posts__date\">avril 23, 2026<\/time><a href=\"https:\/\/canadiancraftsfederation.ca\/fr\/appel-de-candidatures-emplois-dete-canada-documentaliste-et-adjoint%c2%b7e-administratif%c2%b7ive\/\" alt=\"Appel de candidatures \u2013 Emplois d\u2019\u00e9t\u00e9 Canada\u00a0:\u00a0Documentaliste et adjoint\u00b7e administratif\u00b7ive\">Appel de candidatures \u2013 Emplois d\u2019\u00e9t\u00e9 Canada\u00a0:\u00a0Documentaliste et adjoint\u00b7e administratif\u00b7ive<\/a><div class=\"wp-block-coblocks-posts__excerpt\">La F\u00e9d\u00e9ration canadienne des m\u00e9tiers d\u2019art \/ Canadian Crafts Federation (FCMA\/CCF) est &hellip; <\/div><\/div><\/div><div class=\"wp-block-coblocks-posts__item\"><div class=\"wp-block-coblocks-posts__content flex-start\"><time datetime=\"\" class=\"wp-block-coblocks-posts__date\">avril 23, 2026<\/time><a href=\"https:\/\/canadiancraftsfederation.ca\/fr\/appel-de-candidatures-emplois-dete-canada-auxiliaire-a-la-conception-du-sga-et-des-apprentissages\/\" alt=\"Appel de candidatures \u2013 Emplois d\u2019\u00e9t\u00e9 Canada\u00a0: Auxiliaire \u00e0 la conception du SGA et des apprentissages\">Appel de candidatures \u2013 Emplois d\u2019\u00e9t\u00e9 Canada\u00a0: Auxiliaire \u00e0 la conception du SGA et des apprentissages<\/a><div class=\"wp-block-coblocks-posts__excerpt\">La F\u00e9d\u00e9ration canadienne des m\u00e9tiers d\u2019art \/ Canadian Crafts Federation (FCMA\/CCF) est &hellip; <\/div><\/div><\/div><div class=\"wp-block-coblocks-posts__item\"><div class=\"wp-block-coblocks-posts__content flex-start\"><time datetime=\"\" class=\"wp-block-coblocks-posts__date\">avril 23, 2026<\/time><a href=\"https:\/\/canadiancraftsfederation.ca\/fr\/appel-de-candidatures-emplois-dete-canada-createur%c2%b7trice-de-contenu\/\" alt=\"Appel de candidatures &#8211; Emplois d\u2019\u00e9t\u00e9 Canada\u00a0:\u00a0 Cr\u00e9ateur\u00b7trice de contenu\">Appel de candidatures &#8211; Emplois d\u2019\u00e9t\u00e9 Canada\u00a0:\u00a0 Cr\u00e9ateur\u00b7trice de contenu<\/a><div class=\"wp-block-coblocks-posts__excerpt\">La F\u00e9d\u00e9ration canadienne des m\u00e9tiers d\u2019art \/ Canadian Crafts Federation (FCMA\/CCF) est &hellip; <\/div><\/div><\/div><\/div><\/div><\/div><\/div>\n","protected":false},"excerpt":{"rendered":"<p>La F\u00e9d\u00e9ration canadienne des m\u00e9tiers d\u2019art (CCF\/FCMA) est heureuse d\u2019annoncer les trois leaders exceptionnels en m\u00e9tiers d\u2019art qui sont finalistes pour le Prix Robert Jekyll\u00a02022. Amy Gogarty, Barbara Heller et&#8230;<\/p>\n","protected":false},"author":7,"featured_media":7754,"comment_status":"closed","ping_status":"closed","sticky":false,"template":"","format":"standard","meta":{"_acf_changed":false,"_coblocks_attr":"","_coblocks_dimensions":"","_coblocks_responsive_height":"","_coblocks_accordion_ie_support":"","_monsterinsights_skip_tracking":false,"_monsterinsights_sitenote_active":false,"_monsterinsights_sitenote_note":"","_monsterinsights_sitenote_category":0,"footnotes":""},"categories":[31,72],"tags":[75,76,78],"class_list":["post-7744","post","type-post","status-publish","format-standard","has-post-thumbnail","hentry","category-nouvelles-des-metiers-dart","category-sommet-des-metiers-dart-2022","tag-amy-gogarty","tag-barbara-heller","tag-denis-longchamps"],"acf":[],"aioseo_notices":[],"_links":{"self":[{"href":"https:\/\/canadiancraftsfederation.ca\/fr\/wp-json\/wp\/v2\/posts\/7744","targetHints":{"allow":["GET"]}}],"collection":[{"href":"https:\/\/canadiancraftsfederation.ca\/fr\/wp-json\/wp\/v2\/posts"}],"about":[{"href":"https:\/\/canadiancraftsfederation.ca\/fr\/wp-json\/wp\/v2\/types\/post"}],"author":[{"embeddable":true,"href":"https:\/\/canadiancraftsfederation.ca\/fr\/wp-json\/wp\/v2\/users\/7"}],"replies":[{"embeddable":true,"href":"https:\/\/canadiancraftsfederation.ca\/fr\/wp-json\/wp\/v2\/comments?post=7744"}],"version-history":[{"count":5,"href":"https:\/\/canadiancraftsfederation.ca\/fr\/wp-json\/wp\/v2\/posts\/7744\/revisions"}],"predecessor-version":[{"id":7756,"href":"https:\/\/canadiancraftsfederation.ca\/fr\/wp-json\/wp\/v2\/posts\/7744\/revisions\/7756"}],"wp:featuredmedia":[{"embeddable":true,"href":"https:\/\/canadiancraftsfederation.ca\/fr\/wp-json\/wp\/v2\/media\/7754"}],"wp:attachment":[{"href":"https:\/\/canadiancraftsfederation.ca\/fr\/wp-json\/wp\/v2\/media?parent=7744"}],"wp:term":[{"taxonomy":"category","embeddable":true,"href":"https:\/\/canadiancraftsfederation.ca\/fr\/wp-json\/wp\/v2\/categories?post=7744"},{"taxonomy":"post_tag","embeddable":true,"href":"https:\/\/canadiancraftsfederation.ca\/fr\/wp-json\/wp\/v2\/tags?post=7744"}],"curies":[{"name":"wp","href":"https:\/\/api.w.org\/{rel}","templated":true}]}}