{"id":6993,"date":"2021-12-20T19:01:03","date_gmt":"2021-12-20T23:01:03","guid":{"rendered":"https:\/\/canadiancraftsfederation.ca\/?p=6993"},"modified":"2021-12-20T20:06:16","modified_gmt":"2021-12-21T00:06:16","slug":"felicitations-a-susan-hanrahan","status":"publish","type":"post","link":"https:\/\/canadiancraftsfederation.ca\/fr\/felicitations-a-susan-hanrahan\/","title":{"rendered":"F\u00e9licitations \u00e0 Susan Hanrahan"},"content":{"rendered":"\n<h3 class=\"wp-block-heading\">Laur\u00e9ate du Prix Jekyll pour le leadership dans les m\u00e9tiers d\u2019art&nbsp;2021<\/h3>\n\n\n\n<blockquote class=\"wp-block-quote is-layout-flow wp-block-quote-is-layout-flow\"><p>\u00ab\u2009Toute la communaut\u00e9 a grandement b\u00e9n\u00e9fici\u00e9 de son investissement envers les m\u00e9tiers d\u2019art et, nous esp\u00e9rons qu\u2019en recevant ce prix, elle saura un peu \u00e0 quel point nous appr\u00e9cions et nous admirons son engagement, son \u00e9nergie, sa g\u00e9n\u00e9rosit\u00e9 et son superbe leadership.\u2009\u00bb<\/p><cite>Pamela Ritchie, artiste-joailli\u00e8re&nbsp;<\/cite><\/blockquote>\n\n\n\n<p>En tant que directrice g\u00e9n\u00e9rale de <a href=\"https:\/\/craftnovascotia.ca\/\" target=\"_blank\" rel=\"noreferrer noopener\">Craft Nova Scotia<\/a> (le conseil des m\u00e9tiers d\u2019art de la Nouvelle-\u00c9cosse), Susan a guid\u00e9 et influenc\u00e9 le d\u00e9veloppement continu des m\u00e9tiers d\u2019art \u00e0 l\u2019\u00e9chelle provinciale, nationale et internationale tout en y contribuant. Elle m\u00e8ne non seulement Craft Nova Scotia, mais aussi le Centre for Craft Nova Scotia, un des seuls \u00e9tablissements publics du Canada qui se consacre \u00e0 l\u2019\u00e9ducation, \u00e0 la promotion et \u00e0 la cr\u00e9ation d\u2019occasions pour les artistes en m\u00e9tiers d\u2019art dans la province, ce qui comprend la galerie Mary E. Black consacr\u00e9e aux m\u00e9tiers d\u2019art.<\/p>\n\n\n\n<p>En travaillant avec les trois paliers de gouvernement, elle a souvent agi \u00e0 titre de consultante sur les politiques en faisant partie de divers comit\u00e9s de consultation et de direction. Elle a notamment si\u00e9g\u00e9 au premier conseil d\u2019administration <a href=\"https:\/\/artsns.ca\/\" target=\"_blank\" rel=\"noreferrer noopener\">d\u2019Arts Nouvelle-\u00c9cosse<\/a>, au comit\u00e9 d\u2019organisation de la vitrine du G7 \u00e0 Halifax et au groupe de ressources humaines en culture de la Nouvelle-\u00c9cosse. Membre du premier conseil d\u2019administration de l\u2019Association Alliance m\u00e9tiers d\u2019art Atlantique, elle s\u2019est beaucoup investie dans les initiatives du Conseil des m\u00e9tiers d\u2019art du Canada et dans sa transformation pour devenir la <a href=\"https:\/\/canadiancraftsfederation.ca\/about\/history\/\" target=\"_blank\" rel=\"noreferrer noopener\">F\u00e9d\u00e9ration canadienne des m\u00e9tiers d\u2019art<\/a>, dans le groupe de travail de Trade Team Canada, le Nova Scotia Cultural Network (r\u00e9seau culturel de la N.-\u00c9.), les Cultural Federations of Nova Scotia (f\u00e9d\u00e9rations culturelles de la N.-\u00c9.) et Arts Nouvelle-\u00c9cosse.<\/p>\n\n\n\n<p>Gr\u00e2ce au leadership de Susan au cours de ses 33&nbsp;ann\u00e9es \u00e0 Craft Nova Scotia, les artistes des m\u00e9tiers d\u2019art ont eu l\u2019occasion de participer \u00e0 <a rel=\"noreferrer noopener\" href=\"https:\/\/www.worlddesignweeks.org\/\" target=\"_blank\">Design Week<\/a>, \u00e0 <a href=\"https:\/\/www.okcj.org\/\" target=\"_blank\" rel=\"noreferrer noopener\">la biennale internationale des m\u00e9tiers d\u2019arts de Cheongju<\/a>, au programme <a href=\"http:\/\/www.paintsns.ca\/\" target=\"_blank\" rel=\"noreferrer noopener\">Professional Artists in the Schools<\/a> (artistes professionnels dans les \u00e9coles) et \u00e0 d\u2019innombrables occasions de vente de gros, d\u2019exportation et de croissance des entreprises. Elle a grandement contribu\u00e9 \u00e0 des projets comme la s\u00e9rie de courts m\u00e9trages <a href=\"https:\/\/craftnovascotia.ca\/member-news\/lifes-work\">Life\u2019s Work&nbsp;: Six Conversations with Makers<\/a> et, r\u00e9guli\u00e8rement, \u00e0 des visites guid\u00e9es d\u2019expositions en galerie, des foires de m\u00e9tiers d\u2019art contemporain, des salons professionnels, des missions de pratiques exemplaires, des missions \u00e9ducatives, des conf\u00e9rences et des partenariats exploratoires avec des organismes de m\u00e9tiers d\u2019art et \u00e0 des \u00e9v\u00e9nements partout au Canada, aux \u00c9tats-Unis et en Europe.<\/p>\n\n\n\n<p>Susan a repr\u00e9sent\u00e9 la communaut\u00e9 des m\u00e9tiers d\u2019art avec distinction, tout en apportant sa joie et son d\u00e9vouement \u00e0 chaque projet. Comme administratrice, d\u00e9fenseure et directrice, sa diplomatie efficace a inspir\u00e9 tant de gens.<\/p>\n\n\n\n<p>Merci \u00e0 Julie Rosvall et Jeffrey Cowling d\u2019avoir propos\u00e9 Susan pour le Prix Robert Jekyll.<\/p>\n\n\n\n<p><a rel=\"noreferrer noopener\" href=\"https:\/\/canadiancraftsfederation.ca\/about\/awards\/\" target=\"_blank\">Le Prix Robert Jekyll pour le leadership<\/a> dans les m\u00e9tiers d\u2019art c\u00e9l\u00e8bre les contributeurs distingu\u00e9s du domaine des m\u00e9tiers d\u2019art et c\u2019est la marque la plus \u00e9lev\u00e9e d\u2019investissement exceptionnel au d\u00e9veloppement de la communaut\u00e9 des m\u00e9tiers d\u2019art au Canada. Portant le nom du pr\u00e9sident fondateur de la CCF\/FCMA, l\u2019artiste du vitrail et administrateur des arts Robert Jekyll, ce prix refl\u00e8te le r\u00f4le qu\u2019il a jou\u00e9 pour guider, d\u00e9velopper et mener le secteur des m\u00e9tiers d\u2019art au Canada. Ceux qui re\u00e7oivent ce prix sont reconnus comme des Citoyens des m\u00e9tiers d\u2019art inestimables.<\/p>\n\n\n\n<div class=\"wp-block-buttons is-content-justification-center is-layout-flex wp-block-buttons-is-layout-flex\">\n<div class=\"wp-block-button\"><a class=\"wp-block-button__link\" href=\"https:\/\/canadiancraftsfederation.ca\/about\/awards\/\" target=\"_blank\" rel=\"noreferrer noopener\">Pour en savoir plus<\/a><\/div>\n<\/div>\n\n\n\n<div style=\"height:100px\" aria-hidden=\"true\" class=\"wp-block-spacer\"><\/div>\n\n\n\n<p>Vous pouvez donner au Prix Robert Jekyll pour le leadership dans les m\u00e9tiers d\u2019art par <a href=\"https:\/\/www.canadahelps.org\/fr\/organismesdebienfaisance\/canadian-crafts-federation\/?sm=1\">CanaDon.org<\/a>. Votre soutien financier aide la F\u00e9d\u00e9ration canadienne des m\u00e9tiers d\u2019art \u00e0 g\u00e9rer le prix et \u00e0 c\u00e9l\u00e9brer les artistes propos\u00e9s. Chaque ann\u00e9e, ce prix est rendu possible gr\u00e2ce \u00e0 des donateurs comme vous. Merci!<\/p>\n\n\n\n<div class=\"wp-block-buttons is-content-justification-center is-layout-flex wp-block-buttons-is-layout-flex\">\n<div class=\"wp-block-button\"><a class=\"wp-block-button__link\" href=\"https:\/\/www.canadahelps.org\/fr\/organismesdebienfaisance\/canadian-crafts-federation\/?sm=1\" target=\"_blank\" rel=\"noreferrer noopener\">Donnez maintenant<\/a><\/div>\n<\/div>\n\n\n\n<div style=\"height:100px\" aria-hidden=\"true\" class=\"wp-block-spacer\"><\/div>\n\n\n\n<h4 class=\"wp-block-heading\">Nouvelles des m\u00e9tiers d&rsquo;art<\/h4>\n\n\n<div class=\"wp-block-coblocks-posts is-style-stacked\"><div class=\"wp-block-coblocks-posts__inner has-columns has-2-columns has-responsive-columns has-sixteen-to-nine-image\"><div class=\"wp-block-coblocks-posts__item\"><div class=\"wp-block-coblocks-posts__content flex-start\"><time datetime=\"\" class=\"wp-block-coblocks-posts__date\">avril 23, 2026<\/time><a href=\"https:\/\/canadiancraftsfederation.ca\/fr\/appel-de-candidatures-emplois-dete-canada-documentaliste-et-adjoint%c2%b7e-administratif%c2%b7ive\/\" alt=\"Appel de candidatures \u2013 Emplois d\u2019\u00e9t\u00e9 Canada\u00a0:\u00a0Documentaliste et adjoint\u00b7e administratif\u00b7ive\">Appel de candidatures \u2013 Emplois d\u2019\u00e9t\u00e9 Canada\u00a0:\u00a0Documentaliste et adjoint\u00b7e administratif\u00b7ive<\/a><div class=\"wp-block-coblocks-posts__excerpt\">La F\u00e9d\u00e9ration canadienne des m\u00e9tiers d\u2019art \/ Canadian Crafts Federation (FCMA\/CCF) est &hellip; <\/div><\/div><\/div><div class=\"wp-block-coblocks-posts__item\"><div class=\"wp-block-coblocks-posts__content flex-start\"><time datetime=\"\" class=\"wp-block-coblocks-posts__date\">avril 23, 2026<\/time><a href=\"https:\/\/canadiancraftsfederation.ca\/fr\/appel-de-candidatures-emplois-dete-canada-auxiliaire-a-la-conception-du-sga-et-des-apprentissages\/\" alt=\"Appel de candidatures \u2013 Emplois d\u2019\u00e9t\u00e9 Canada\u00a0: Auxiliaire \u00e0 la conception du SGA et des apprentissages\">Appel de candidatures \u2013 Emplois d\u2019\u00e9t\u00e9 Canada\u00a0: Auxiliaire \u00e0 la conception du SGA et des apprentissages<\/a><div class=\"wp-block-coblocks-posts__excerpt\">La F\u00e9d\u00e9ration canadienne des m\u00e9tiers d\u2019art \/ Canadian Crafts Federation (FCMA\/CCF) est &hellip; <\/div><\/div><\/div><\/div><\/div>","protected":false},"excerpt":{"rendered":"<p>Laur\u00e9ate du Prix Jekyll pour le leadership dans les m\u00e9tiers d\u2019art&nbsp;2021 \u00ab\u2009Toute la communaut\u00e9 a grandement b\u00e9n\u00e9fici\u00e9 de son investissement envers les m\u00e9tiers d\u2019art et, nous esp\u00e9rons qu\u2019en recevant ce&#8230;<\/p>\n","protected":false},"author":7,"featured_media":6994,"comment_status":"open","ping_status":"open","sticky":false,"template":"","format":"standard","meta":{"_acf_changed":false,"_coblocks_attr":"","_coblocks_dimensions":"","_coblocks_responsive_height":"","_coblocks_accordion_ie_support":"","_monsterinsights_skip_tracking":false,"_monsterinsights_sitenote_active":false,"_monsterinsights_sitenote_note":"","_monsterinsights_sitenote_category":0,"footnotes":""},"categories":[31],"tags":[30,32],"class_list":["post-6993","post","type-post","status-publish","format-standard","has-post-thumbnail","hentry","category-nouvelles-des-metiers-dart","tag-le-prix-robert-jekyll","tag-susan-hanrahan-2"],"acf":[],"aioseo_notices":[],"_links":{"self":[{"href":"https:\/\/canadiancraftsfederation.ca\/fr\/wp-json\/wp\/v2\/posts\/6993","targetHints":{"allow":["GET"]}}],"collection":[{"href":"https:\/\/canadiancraftsfederation.ca\/fr\/wp-json\/wp\/v2\/posts"}],"about":[{"href":"https:\/\/canadiancraftsfederation.ca\/fr\/wp-json\/wp\/v2\/types\/post"}],"author":[{"embeddable":true,"href":"https:\/\/canadiancraftsfederation.ca\/fr\/wp-json\/wp\/v2\/users\/7"}],"replies":[{"embeddable":true,"href":"https:\/\/canadiancraftsfederation.ca\/fr\/wp-json\/wp\/v2\/comments?post=6993"}],"version-history":[{"count":2,"href":"https:\/\/canadiancraftsfederation.ca\/fr\/wp-json\/wp\/v2\/posts\/6993\/revisions"}],"predecessor-version":[{"id":7013,"href":"https:\/\/canadiancraftsfederation.ca\/fr\/wp-json\/wp\/v2\/posts\/6993\/revisions\/7013"}],"wp:featuredmedia":[{"embeddable":true,"href":"https:\/\/canadiancraftsfederation.ca\/fr\/wp-json\/wp\/v2\/media\/6994"}],"wp:attachment":[{"href":"https:\/\/canadiancraftsfederation.ca\/fr\/wp-json\/wp\/v2\/media?parent=6993"}],"wp:term":[{"taxonomy":"category","embeddable":true,"href":"https:\/\/canadiancraftsfederation.ca\/fr\/wp-json\/wp\/v2\/categories?post=6993"},{"taxonomy":"post_tag","embeddable":true,"href":"https:\/\/canadiancraftsfederation.ca\/fr\/wp-json\/wp\/v2\/tags?post=6993"}],"curies":[{"name":"wp","href":"https:\/\/api.w.org\/{rel}","templated":true}]}}