{"id":11271,"date":"2026-03-16T14:08:09","date_gmt":"2026-03-16T17:08:09","guid":{"rendered":"https:\/\/canadiancraftsfederation.ca\/?p=11271"},"modified":"2026-03-16T14:08:11","modified_gmt":"2026-03-16T17:08:11","slug":"decouvrez-les-finalistes-du-prix-robert-jekyll-pour-le-leadership-dans-les-metiers-dart-2025","status":"publish","type":"post","link":"https:\/\/canadiancraftsfederation.ca\/fr\/decouvrez-les-finalistes-du-prix-robert-jekyll-pour-le-leadership-dans-les-metiers-dart-2025\/","title":{"rendered":"D\u00e9couvrez les finalistes du prix Robert-Jekyll pour le leadership dans les m\u00e9tiers d&rsquo;art 2025"},"content":{"rendered":"\n<p>La F\u00e9d\u00e9ration canadienne des m\u00e9tiers d\u2019art (FCMA\/CCF) est heureuse de r\u00e9v\u00e9ler l\u2019identit\u00e9 des finalistes de l\u2019<a href=\"https:\/\/canadiancraftsfederation.ca\/fr\/adhesion\/prix\/\"><strong>\u00e9dition 2025 du prix Robert-Jekyll pour le leadership dans les m\u00e9tiers d\u2019art<\/strong><\/a>. Ce prix r\u00e9compense des personnalit\u00e9s qui, par leur leadership, leur travail de revendication et leur implication b\u00e9n\u00e9vole, ont contribu\u00e9 de mani\u00e8re exceptionnelle au secteur canadien des m\u00e9tiers d\u2019art.<\/p>\n\n\n\n<p>Les finalistes de cette ann\u00e9e \u2013 <strong>Brigitte Clavette, Charley Farrero et Melanie Egan<\/strong> \u2013 ont d\u00e9ploy\u00e9 des efforts remarquables pour renforcer et promouvoir le secteur canadien des m\u00e9tiers d\u2019art. Ces Citoyennes et Citoyens des m\u00e9tiers d\u2019art ont laiss\u00e9 leur marque dans leur communaut\u00e9 et, plus largement, dans le paysage des m\u00e9tiers d\u2019art.<\/p>\n\n\n\n<p>Consultez ce qui suit pour en apprendre plus au sujet des finalistes.<\/p>\n\n\n\n<hr class=\"wp-block-separator has-alpha-channel-opacity\"\/>\n\n\n\n<h2 class=\"wp-block-heading\"><strong>Brigitte Clavette<\/strong><\/h2>\n\n\n\n<p>Brigitte Clavette a \u00e9t\u00e9 professeure et directrice du d\u00e9partement de joaillerie et m\u00e9taux du New Brunswick College of Craft &amp; Design de 1985 \u00e0 2017. Elle y enseigne maintenant \u00e0 temps partiel tout en continuant \u00e0 approfondir sa pratique artistique. Gagnante en 2022 du prix Saidye-Bronfman pour l\u2019excellence en m\u00e9tiers d\u2019art (un des Prix du Gouverneur g\u00e9n\u00e9ral en arts visuels et arts m\u00e9diatiques), elle est aussi membre de l&rsquo;Acad\u00e9mie royale des arts du Canada. Elle a re\u00e7u le prix d&rsquo;excellence et le prix Strathbutler de la province du Nouveau-Brunswick. Ses \u0153uvres se retrouvent dans les collections de grandes institutions telles le Mus\u00e9e des beaux-arts du Canada (Ottawa, ON), le Mus\u00e9e canadien de l\u2019histoire (Gatineau, QC), le Mus\u00e9e royal de l\u2019Ontario (Toronto, ON), le Victoria &amp; Albert Museum (Londres, RU), le Mus\u00e9e des beaux-arts Beaverbrook (Fredericton, NB), le Mus\u00e9e du Nouveau-Brunswick et la collection d\u2019orf\u00e8vrerie contemporaine de la Art Gallery of Guelph (ON).<\/p>\n\n\n\n<p>Au fil des ann\u00e9es, elle a donn\u00e9 des ateliers et enseign\u00e9 au Coll\u00e8ge communautaire du Nouveau-Brunswick (Dieppe,NB), Nunavut Arctic College (Iqaluit, NU), Haliburton School of the Arts (ON), Nova Scotia College of Art and Design \u2013 NSCAD (Halifax, NS) et au Sunbury Shores Arts and Nature Center (Saint Andrews, NB). Les r\u00e9centes \u0153uvres de Brigitte Clavette d\u00e9fient la simple fonctionnalit\u00e9. Elle y explorer un monde d\u2019\u00e9motions, d\u2019atmosph\u00e8res et de rituels personnels par le biais d\u2019un \u00e9ventail \u00e9largi d\u2019approches techniques. Rompant souvent avec la finition hautement polie, plus pr\u00e9cieuse, des pi\u00e8ces ant\u00e9rieures, ces nouvelles \u0153uvres sont pr\u00e9sent\u00e9es en conversation avec divers moulages et surfaces peintes, sur une table ou encore au mur.<\/p>\n\n\n\n<hr class=\"wp-block-separator has-alpha-channel-opacity\"\/>\n\n\n\n<h2 class=\"wp-block-heading\"><strong>Charley Farrero<\/strong><\/h2>\n\n\n\n<p>Charley Farrero est un artiste c\u00e9ramiste n\u00e9 \u00e0 Paris, en France, qui vit et travaille \u00e0 Meacham, en Saskatchewan, depuis 1979. Actif dans le domaine de la c\u00e9ramique depuis 1972, il a d\u00e9velopp\u00e9 une pratique distinctive tout en jouant un r\u00f4le majeur dans l\u2019essor des m\u00e9tiers d\u2019art de studio au Canada. Membre-fondateur du Saskatchewan Craft Council, il a \u00e9t\u00e9 pr\u00e9sident du Conseil des m\u00e9tiers d\u2019art du Canada et a occup\u00e9 des postes de direction au sein de la F\u00e9d\u00e9ration canadienne des m\u00e9tiers d\u2019art, de Sask Terra et du Saskatchewan Arts Board.<\/p>\n\n\n\n<p>Farrero est \u00e9galement un p\u00e9dagogue reconnu. Il a dispens\u00e9 des enseignements \u00e0 l&rsquo;Universit\u00e9 de la Saskatchewan, au Woodland Campus du SIAST et au Carlton Trail Community College, tout en animant des ateliers et des r\u00e9sidences au Canada et \u00e0 l&rsquo;\u00e9tranger. Parmi ses distinctions, il compte le Prix du lieutenant-gouverneur de la Saskatchewan pour les arts en 2008, ainsi que deux nominations pour le prix Saidye Bronfman. Ses \u0153uvres font partie de collections publiques et priv\u00e9es au Canada, au Mexique et en Chine.<br><a href=\"http:\/\/www.farrero.ca\" target=\"_blank\" rel=\"noreferrer noopener\">www.farrero.ca<\/a><\/p>\n\n\n\n<hr class=\"wp-block-separator has-alpha-channel-opacity\"\/>\n\n\n\n<h2 class=\"wp-block-heading\"><strong>Melanie Egan<\/strong><\/h2>\n\n\n\n<p>De 1989 \u00e0 2025, Melanie Egan a dirig\u00e9 le Craft &amp; Design Studio du Harbourfront Centre, qui soutient la rel\u00e8ve gr\u00e2ce \u00e0 ses r\u00e9sidences d\u2019artistes. \u00c9galement commissaire d\u2019exposition, elle a organis\u00e9 quelque 80 expositions, qui ont servi \u00e0 remettre en question les conceptions traditionnelles des m\u00e9tiers d\u2019art, tout en soutenant l\u2019inclusivit\u00e9 et la diversit\u00e9. Melanie Egan est cofondatrice et codirectrice du Toronto International Jewellery Festival, et elle s\u2019est impliqu\u00e9e activement dans la mise sur pied de plusieurs autres projets et festivals communautaires consacr\u00e9s \u00e0 l\u2019art.<\/p>\n\n\n\n<p>Les efforts qu\u2019elle a d\u00e9ploy\u00e9s pendant sa longue carri\u00e8re ont fa\u00e7onn\u00e9 le paysage des m\u00e9tiers d\u2019art contemporains \u00e0 Toronto et ailleurs. Son leadership et son travail comme commissaire d\u2019exposition et d\u00e9fenseure des artistes de la rel\u00e8ve continuent d\u2019influencer le secteur des m\u00e9tiers d\u2019art en y favorisant l\u2019innovation, la diversit\u00e9 et l\u2019engagement communautaire.<\/p>\n\n\n\n<hr class=\"wp-block-separator has-alpha-channel-opacity\"\/>\n\n\n\n<p>Chacun et chacune des finalistes a apport\u00e9 une contribution importante et durable \u00e0 son domaine d\u2019activit\u00e9 et, ainsi, aid\u00e9 \u00e0 fa\u00e7onner et \u00e0 renforcer la communaut\u00e9 des m\u00e9tiers d\u2019art au Canada. Dans les prochains mois, la FCMA\/CCF continuera de souligner les r\u00e9alisations des finalistes et d\u00e9voilera le nom de la laur\u00e9ate ou du laur\u00e9at de l\u2019<strong>\u00e9dition 2025 du prix Robert-Jekyll pour le leadership dans les m\u00e9tiers d\u2019art.<\/strong>Le prix Robert-Jekyll pour le leadership dans les m\u00e9tiers d\u2019art a \u00e9t\u00e9 nomm\u00e9 en l\u2019honneur de Robert Jekyll, pr\u00e9sident fondateur de la FCMA\/CCF, qui a guid\u00e9 l\u2019organisation dans une p\u00e9riode marqu\u00e9e par d\u2019importants changements. <a href=\"https:\/\/canadiancraftsfederation.ca\/fr\/en-memoire-de-robert-jekyll\/\">Cliquez ici<\/a> pour en apprendre plus sur la vie de Robert et sur son travail.<\/p>\n","protected":false},"excerpt":{"rendered":"<p>La F\u00e9d\u00e9ration canadienne des m\u00e9tiers d\u2019art (FCMA\/CCF) est heureuse de r\u00e9v\u00e9ler l\u2019identit\u00e9 des finalistes de l\u2019\u00e9dition 2025 du prix Robert-Jekyll pour le leadership dans les m\u00e9tiers d\u2019art. Ce prix r\u00e9compense&#8230;<\/p>\n","protected":false},"author":7,"featured_media":11283,"comment_status":"open","ping_status":"open","sticky":false,"template":"","format":"standard","meta":{"_acf_changed":false,"_coblocks_attr":"","_coblocks_dimensions":"","_coblocks_responsive_height":"","_coblocks_accordion_ie_support":"","_monsterinsights_skip_tracking":false,"_monsterinsights_sitenote_active":false,"_monsterinsights_sitenote_note":"","_monsterinsights_sitenote_category":0,"footnotes":""},"categories":[26],"tags":[],"class_list":["post-11271","post","type-post","status-publish","format-standard","has-post-thumbnail","hentry","category-craft-news"],"acf":[],"aioseo_notices":[],"_links":{"self":[{"href":"https:\/\/canadiancraftsfederation.ca\/fr\/wp-json\/wp\/v2\/posts\/11271","targetHints":{"allow":["GET"]}}],"collection":[{"href":"https:\/\/canadiancraftsfederation.ca\/fr\/wp-json\/wp\/v2\/posts"}],"about":[{"href":"https:\/\/canadiancraftsfederation.ca\/fr\/wp-json\/wp\/v2\/types\/post"}],"author":[{"embeddable":true,"href":"https:\/\/canadiancraftsfederation.ca\/fr\/wp-json\/wp\/v2\/users\/7"}],"replies":[{"embeddable":true,"href":"https:\/\/canadiancraftsfederation.ca\/fr\/wp-json\/wp\/v2\/comments?post=11271"}],"version-history":[{"count":5,"href":"https:\/\/canadiancraftsfederation.ca\/fr\/wp-json\/wp\/v2\/posts\/11271\/revisions"}],"predecessor-version":[{"id":11291,"href":"https:\/\/canadiancraftsfederation.ca\/fr\/wp-json\/wp\/v2\/posts\/11271\/revisions\/11291"}],"wp:featuredmedia":[{"embeddable":true,"href":"https:\/\/canadiancraftsfederation.ca\/fr\/wp-json\/wp\/v2\/media\/11283"}],"wp:attachment":[{"href":"https:\/\/canadiancraftsfederation.ca\/fr\/wp-json\/wp\/v2\/media?parent=11271"}],"wp:term":[{"taxonomy":"category","embeddable":true,"href":"https:\/\/canadiancraftsfederation.ca\/fr\/wp-json\/wp\/v2\/categories?post=11271"},{"taxonomy":"post_tag","embeddable":true,"href":"https:\/\/canadiancraftsfederation.ca\/fr\/wp-json\/wp\/v2\/tags?post=11271"}],"curies":[{"name":"wp","href":"https:\/\/api.w.org\/{rel}","templated":true}]}}